{"id":2248,"date":"2017-11-13T15:09:02","date_gmt":"2017-11-13T15:09:02","guid":{"rendered":"https:\/\/work2.dossetenta.com\/lupicino\/2017\/11\/13\/expansion-sanctions-on-cuba-all-trump-and-no-bite\/"},"modified":"2022-08-30T08:56:53","modified_gmt":"2022-08-30T07:56:53","slug":"expansion-sanctions-on-cuba-all-trump-and-no-bite","status":"publish","type":"post","link":"https:\/\/lupicinio.com\/en\/expansion-sanctions-on-cuba-all-trump-and-no-bite\/","title":{"rendered":"EXPANSION \u2013 SANCTIONS ON CUBA, ALL TRUMP AND NO BITE"},"content":{"rendered":"<p>Donald Trump celebrates the first year of his presidential term of office with new restrictions on those North Americans who wish to visit and do business in Cuba; and he does it through legalizing the measures which he informally announced last June during his rally in Fort Lauderdale (South Florida). Those measures were going to mean \u2013 and now mean \u2013 the end of the program for individual visits <em>people-to-people <\/em>created by Obama, which allowed US citizens \u2013 <em>U.S Persons \u2013 <\/em>to freely visit Cuba under a series of lax conditions, prior communication to the Treasury Department. Furthermore, to censor the economic, commercial and financial transactions of US companies and citizens with companies linked to the Revolutionary Armed Forces and the intelligence and security services in Cuba.<\/p>\n<p>&nbsp;<\/p>\n<p>The measures announced in June were supposed to come into effect on September 15<sup>th<\/sup>, but the impact of Hurricane Irma at that time seemed to make President Trump aware that to formalize such measures at the time that the cyclone left 134 dead in its wake would be inappropriate \u2013 which implicitly involves acknowledging the very high unpopularity of these types of measures in the US \u2013 and therefore he decided to postpone its entry into force. However, the \u201cIrma effect\u201d barely lasted eight weeks. The Office of Foreign Assets Control (OFAC) published last Wednesday 8<sup>th<\/sup> November the final resolution of this new set of measures that are ultimately more psychological and a show for the public than economic, and we will explain why.<\/p>\n<p>&nbsp;<\/p>\n<p>Trump aims to undermine the Cuban tourism industry from two sides: first, by repealing the <em>people-to-people <\/em>program. Official figures show that 284,937 Americans visited the island in the financial year 2016, and so tourists from the US barely make up 7% of the total number (a list in which Canada leads). This measure will mean, based on data from the prestigious <em>Brookings Institution, <\/em>a reduction of \u201cbetween one and two percent\u201d of U.S Persons visiting Cuba. In other words, this first anniversary measure of Trump shall prevent around 3,000 US citizens \u2013 equivalent to two ferry crossings or six Boeing 747s \u2013 from visiting Cuba each year, and that their $120\/day which the Cuban Ministry of Tourism works out as the average expense of a foreign tourist shall find other destinations.<\/p>\n<p>&nbsp;<\/p>\n<p>The second side \u2013 to censure the economic, commercial and financial transactions of US companies and citizens with a list of Cuban partners \u2013 also doesn\u2019t seem to cause great damage to the Cuban public economy. <em>Brookings Institution <\/em>calculated that 31% of the US dollars which enter Cuba fall directly into the Cuban private sector, especially in private homes, restaurants, paladars or taxis. In short, although Trump&#8217;s new anniversary measures seek to jeopardize Cuban businesses linked to Revolutionary Armed Forces and the intelligence and security services in Cuba and the US president has declared that he intends to make the impact on Cuban citizens be \u201cthe least possible\u201d; the reality is that the current restrictions shall hit equally to the private sector. It should be noted that several Spanish hotel chains such as Iberostar or Meli\u00e1 as well as international chains such as Kempinski, signatories of operating and marketing contracts for hotel complexes \u2013 due to their links with sanctioned Cuban partners \u2013 shall no longer be able to offer their services to US citizens or advertise in the US.<\/p>\n<p>&nbsp;<\/p>\n<p>While all this was going on, the Business and Economics Polling Initiative at the University of Florida (FAU BEPI) published the results of a survey which showed that 47% of those consulted support the diplomatic thaw towards Cuba and the end of the embargo, compared to 34% who opted for hardening. According to their director, M\u00f3nica Escaleras, \u201cthe people of Florida support Obama\u2019s policy towards Cuba more, while the popularity rate for Trump continues to fall in the State\u201d.<\/p>\n<p>&nbsp;<\/p>\n<p>Based on the above it would seem that the underlying purpose of Donald Trump\u2019s anniversary measures is to make the entry of his own companies \u2013 not only hotels \u2013 on the Cuban market even more difficult. Because ultimately, and even knowing that Cuba considers foreign investment as an \u201cessential\u201d element for its economic development, the fact that Trump limits the access of his compatriots to the island \u2013 either as tourists or as investors -, does not change the opinion of the majority of tourists and investors of other nationalities that have been doing business in Cuba for decades and despite the US sanctions. Beyond seeing it as a threat, foreign businesses in Cuba may see these measures as an opportunity to consolidate their position and it saves them from competing against huge American companies wanting to establish themselves on the Island. All in all, it seems that we are already familiarizing ourselves with a new concept in the area of US foreign policy, that is \u201call Trump and no bite\u201d.<\/p>\n<p>&nbsp;<\/p>\n<p>&nbsp;<\/p>\n<p>&nbsp;<\/p>\n<p><strong>Jos\u00e9 Mar\u00eda Vi\u00f1als Camallonga<\/strong><\/p>\n<p>Partner and Director of International Operations<\/p>\n<p>&nbsp;<\/p>\n<p><strong>Renato A. Landeira<\/strong><\/p>\n<p>Senior Lawyer<\/p>\n","protected":false},"excerpt":{"rendered":"<p>Donald Trump celebrates the first year of his presidential term of office with new restrictions on those North Americans who wish to visit and do business in Cuba; and he does it through legalizing the measures which he informally announced last June during his rally in Fort Lauderdale (South Florida). Those measures were going to&#8230;<\/p>\n","protected":false},"author":1,"featured_media":0,"comment_status":"closed","ping_status":"closed","sticky":false,"template":"","format":"standard","meta":{"footnotes":""},"categories":[10,1754],"tags":[1417],"class_list":["post-2248","post","type-post","status-publish","format-standard","hentry","category-america-latina","category-articulo-de-opinion-en","tag-sanciones-en-2"],"yoast_head":"<!-- This site is optimized with the Yoast SEO plugin v27.0 - https:\/\/yoast.com\/product\/yoast-seo-wordpress\/ -->\n<title>EXPANSION \u2013 SANCTIONS ON CUBA, ALL TRUMP AND NO BITE | Lupicinio<\/title>\n<meta name=\"robots\" content=\"index, follow, max-snippet:-1, max-image-preview:large, max-video-preview:-1\" \/>\n<link rel=\"canonical\" href=\"https:\/\/lupicinio.com\/en\/expansion-sanctions-on-cuba-all-trump-and-no-bite\/\" \/>\n<meta property=\"og:locale\" content=\"en_US\" \/>\n<meta property=\"og:type\" content=\"article\" \/>\n<meta property=\"og:title\" content=\"EXPANSION \u2013 SANCTIONS ON CUBA, ALL TRUMP AND NO BITE | Lupicinio\" \/>\n<meta property=\"og:description\" content=\"Donald Trump celebrates the first year of his presidential term of office with new restrictions on those North Americans who wish to visit and do business in Cuba; and he does it through legalizing the measures which he informally announced last June during his rally in Fort Lauderdale (South Florida). Those measures were going to...\" \/>\n<meta property=\"og:url\" content=\"https:\/\/lupicinio.com\/en\/expansion-sanctions-on-cuba-all-trump-and-no-bite\/\" \/>\n<meta property=\"og:site_name\" content=\"Lupicinio\" \/>\n<meta property=\"article:published_time\" content=\"2017-11-13T15:09:02+00:00\" \/>\n<meta property=\"article:modified_time\" content=\"2022-08-30T07:56:53+00:00\" \/>\n<meta name=\"author\" content=\"dossetenta\" \/>\n<meta name=\"twitter:card\" content=\"summary_large_image\" \/>\n<meta name=\"twitter:label1\" content=\"Written by\" \/>\n\t<meta name=\"twitter:data1\" content=\"Mercedes Olmedo Couceiro\" \/>\n\t<meta name=\"twitter:label2\" content=\"Est. reading time\" \/>\n\t<meta name=\"twitter:data2\" content=\"4 minutes\" \/>\n<!-- \/ Yoast SEO plugin. -->","yoast_head_json":{"title":"EXPANSION \u2013 SANCTIONS ON CUBA, ALL TRUMP AND NO BITE | Lupicinio","robots":{"index":"index","follow":"follow","max-snippet":"max-snippet:-1","max-image-preview":"max-image-preview:large","max-video-preview":"max-video-preview:-1"},"canonical":"https:\/\/lupicinio.com\/en\/expansion-sanctions-on-cuba-all-trump-and-no-bite\/","og_locale":"en_US","og_type":"article","og_title":"EXPANSION \u2013 SANCTIONS ON CUBA, ALL TRUMP AND NO BITE | Lupicinio","og_description":"Donald Trump celebrates the first year of his presidential term of office with new restrictions on those North Americans who wish to visit and do business in Cuba; and he does it through legalizing the measures which he informally announced last June during his rally in Fort Lauderdale (South Florida). Those measures were going to...","og_url":"https:\/\/lupicinio.com\/en\/expansion-sanctions-on-cuba-all-trump-and-no-bite\/","og_site_name":"Lupicinio","article_published_time":"2017-11-13T15:09:02+00:00","article_modified_time":"2022-08-30T07:56:53+00:00","author":"dossetenta","twitter_card":"summary_large_image","twitter_misc":{"Written by":"Mercedes Olmedo Couceiro","Est. reading time":"4 minutes"},"schema":{"@context":"https:\/\/schema.org","@graph":[{"@type":"NewsArticle","@id":"https:\/\/lupicinio.com\/en\/expansion-sanctions-on-cuba-all-trump-and-no-bite\/#article","isPartOf":{"@id":"https:\/\/lupicinio.com\/en\/expansion-sanctions-on-cuba-all-trump-and-no-bite\/"},"author":{"name":"dossetenta","@id":"https:\/\/lupicinio.com\/en\/#\/schema\/person\/dd5e6be799e68269529f63681729fc6f"},"headline":"EXPANSION \u2013 SANCTIONS ON CUBA, ALL TRUMP AND NO BITE","datePublished":"2017-11-13T15:09:02+00:00","dateModified":"2022-08-30T07:56:53+00:00","mainEntityOfPage":{"@id":"https:\/\/lupicinio.com\/en\/expansion-sanctions-on-cuba-all-trump-and-no-bite\/"},"wordCount":832,"publisher":{"@id":"https:\/\/lupicinio.com\/en\/#organization"},"keywords":["sanciones"],"articleSection":["Am\u00e9rica Latina","Opinion Article"],"inLanguage":"en-US"},{"@type":["WebPage","ItemPage"],"@id":"https:\/\/lupicinio.com\/en\/expansion-sanctions-on-cuba-all-trump-and-no-bite\/","url":"https:\/\/lupicinio.com\/en\/expansion-sanctions-on-cuba-all-trump-and-no-bite\/","name":"EXPANSION \u2013 SANCTIONS ON CUBA, ALL TRUMP AND NO BITE | Lupicinio","isPartOf":{"@id":"https:\/\/lupicinio.com\/en\/#website"},"datePublished":"2017-11-13T15:09:02+00:00","dateModified":"2022-08-30T07:56:53+00:00","breadcrumb":{"@id":"https:\/\/lupicinio.com\/en\/expansion-sanctions-on-cuba-all-trump-and-no-bite\/#breadcrumb"},"inLanguage":"en-US","potentialAction":[{"@type":"ReadAction","target":["https:\/\/lupicinio.com\/en\/expansion-sanctions-on-cuba-all-trump-and-no-bite\/"]}]},{"@type":"BreadcrumbList","@id":"https:\/\/lupicinio.com\/en\/expansion-sanctions-on-cuba-all-trump-and-no-bite\/#breadcrumb","itemListElement":[{"@type":"ListItem","position":1,"name":"Portada","item":"https:\/\/lupicinio.com\/en\/"},{"@type":"ListItem","position":2,"name":"EXPANSION \u2013 SANCTIONS ON CUBA, ALL TRUMP AND NO BITE"}]},{"@type":"WebSite","@id":"https:\/\/lupicinio.com\/en\/#website","url":"https:\/\/lupicinio.com\/en\/","name":"Lupicinio","description":"Abogados Internacionales","publisher":{"@id":"https:\/\/lupicinio.com\/en\/#organization"},"potentialAction":[{"@type":"SearchAction","target":{"@type":"EntryPoint","urlTemplate":"https:\/\/lupicinio.com\/en\/?s={search_term_string}"},"query-input":{"@type":"PropertyValueSpecification","valueRequired":true,"valueName":"search_term_string"}}],"inLanguage":"en-US"},{"@type":"Organization","@id":"https:\/\/lupicinio.com\/en\/#organization","name":"Lupicinio International Law Firm","url":"https:\/\/lupicinio.com\/en\/","logo":{"@type":"ImageObject","inLanguage":"en-US","@id":"https:\/\/lupicinio.com\/en\/#\/schema\/logo\/image\/","url":"https:\/\/lupicinio.com\/wp-content\/uploads\/2021\/10\/lupicinio-e1634641574720.png","contentUrl":"https:\/\/lupicinio.com\/wp-content\/uploads\/2021\/10\/lupicinio-e1634641574720.png","width":325,"height":104,"caption":"Lupicinio International Law Firm"},"image":{"@id":"https:\/\/lupicinio.com\/en\/#\/schema\/logo\/image\/"}},{"@type":"Person","@id":"https:\/\/lupicinio.com\/en\/#\/schema\/person\/dd5e6be799e68269529f63681729fc6f","name":"dossetenta","sameAs":["https:\/\/lupicinio.com"],"url":"https:\/\/lupicinio.com\/en\/lawyer\/mercedes-olmedo\/"}]}},"_links":{"self":[{"href":"https:\/\/lupicinio.com\/en\/wp-json\/wp\/v2\/posts\/2248","targetHints":{"allow":["GET"]}}],"collection":[{"href":"https:\/\/lupicinio.com\/en\/wp-json\/wp\/v2\/posts"}],"about":[{"href":"https:\/\/lupicinio.com\/en\/wp-json\/wp\/v2\/types\/post"}],"author":[{"embeddable":true,"href":"https:\/\/lupicinio.com\/en\/wp-json\/wp\/v2\/users\/1"}],"replies":[{"embeddable":true,"href":"https:\/\/lupicinio.com\/en\/wp-json\/wp\/v2\/comments?post=2248"}],"version-history":[{"count":1,"href":"https:\/\/lupicinio.com\/en\/wp-json\/wp\/v2\/posts\/2248\/revisions"}],"predecessor-version":[{"id":10679,"href":"https:\/\/lupicinio.com\/en\/wp-json\/wp\/v2\/posts\/2248\/revisions\/10679"}],"wp:attachment":[{"href":"https:\/\/lupicinio.com\/en\/wp-json\/wp\/v2\/media?parent=2248"}],"wp:term":[{"taxonomy":"category","embeddable":true,"href":"https:\/\/lupicinio.com\/en\/wp-json\/wp\/v2\/categories?post=2248"},{"taxonomy":"post_tag","embeddable":true,"href":"https:\/\/lupicinio.com\/en\/wp-json\/wp\/v2\/tags?post=2248"}],"curies":[{"name":"wp","href":"https:\/\/api.w.org\/{rel}","templated":true}]}}