{"id":2247,"date":"2017-10-16T14:34:44","date_gmt":"2017-10-16T14:34:44","guid":{"rendered":"https:\/\/work2.dossetenta.com\/lupicino\/2017\/10\/16\/the-implications-of-brexit-for-spain-event-with-jose-pascual-marco-martinez\/"},"modified":"2022-08-30T08:40:34","modified_gmt":"2022-08-30T07:40:34","slug":"the-implications-of-brexit-for-spain-event-with-jose-pascual-marco-martinez","status":"publish","type":"post","link":"https:\/\/lupicinio.com\/en\/the-implications-of-brexit-for-spain-event-with-jose-pascual-marco-martinez\/","title":{"rendered":"The Implications of Brexit for Spain: Event with Jos\u00e9 Pascual Marco Mart\u00ednez"},"content":{"rendered":"<p>Today Lupicinio International Law Firm, in collaboration with Club de Exportadores e Inversores, had the pleasure of hosting Se\u00f1or Jos\u00e9 Pascual Marco Mart\u00ednez, the Director General of Coordination of Common Policies and General Affairs of the European Union, for a talk on the impact of Brexit for Spanish international business.<\/p>\n<p>As the primary destination for Spanish service exports, understanding the impact Brexit will have on Britain\u00b4s economy is of valuable significance for Spanish businesses. Se\u00f1or Mart\u00ednez gave a valued insight into the implications Brexit may have in the future for Spanish firms, answering various questions from guests and expanding on specific areas of concern.<\/p>\n<p>Here at Lupicinio International Law Firm, we are very grateful for Se\u00f1or Mart\u00ednez offering such a vital look into the functioning of Brexit and its possible meaning for Spain\u00b4s trading relationship with Britain, and wish to thank him for his attendance, along with all other guests. We also wish to thank Club de Exportadores e Inversores for helping us to coordinate such a successful event.<\/p>\n<p>&nbsp;<\/p>\n","protected":false},"excerpt":{"rendered":"<p>Today Lupicinio International Law Firm, in collaboration with Club de Exportadores e Inversores, had the pleasure of hosting Se\u00f1or Jos\u00e9 Pascual Marco Mart\u00ednez, the Director General of Coordination of Common Policies and General Affairs of the European Union, for a talk on the impact of Brexit for Spanish international business. As the primary destination for&#8230;<\/p>\n","protected":false},"author":1,"featured_media":0,"comment_status":"closed","ping_status":"closed","sticky":false,"template":"","format":"standard","meta":{"footnotes":""},"categories":[1538],"tags":[],"class_list":["post-2247","post","type-post","status-publish","format-standard","hentry","category-noticias-en"],"yoast_head":"<!-- This site is optimized with the Yoast SEO plugin v27.0 - https:\/\/yoast.com\/product\/yoast-seo-wordpress\/ -->\n<title>The Implications of Brexit for Spain: Event with Jos\u00e9 Pascual Marco Mart\u00ednez | Lupicinio<\/title>\n<meta name=\"robots\" content=\"index, follow, max-snippet:-1, max-image-preview:large, max-video-preview:-1\" \/>\n<link rel=\"canonical\" href=\"https:\/\/lupicinio.com\/en\/the-implications-of-brexit-for-spain-event-with-jose-pascual-marco-martinez\/\" \/>\n<meta property=\"og:locale\" content=\"en_US\" \/>\n<meta property=\"og:type\" content=\"article\" \/>\n<meta property=\"og:title\" content=\"The Implications of Brexit for Spain: Event with Jos\u00e9 Pascual Marco Mart\u00ednez | Lupicinio\" \/>\n<meta property=\"og:description\" content=\"Today Lupicinio International Law Firm, in collaboration with Club de Exportadores e Inversores, had the pleasure of hosting Se\u00f1or Jos\u00e9 Pascual Marco Mart\u00ednez, the Director General of Coordination of Common Policies and General Affairs of the European Union, for a talk on the impact of Brexit for Spanish international business. As the primary destination for...\" \/>\n<meta property=\"og:url\" content=\"https:\/\/lupicinio.com\/en\/the-implications-of-brexit-for-spain-event-with-jose-pascual-marco-martinez\/\" \/>\n<meta property=\"og:site_name\" content=\"Lupicinio\" \/>\n<meta property=\"article:published_time\" content=\"2017-10-16T14:34:44+00:00\" \/>\n<meta property=\"article:modified_time\" content=\"2022-08-30T07:40:34+00:00\" \/>\n<meta name=\"author\" content=\"dossetenta\" \/>\n<meta name=\"twitter:card\" content=\"summary_large_image\" \/>\n<meta name=\"twitter:label1\" content=\"Written by\" \/>\n\t<meta name=\"twitter:data1\" content=\"Mercedes Olmedo Couceiro\" \/>\n\t<meta name=\"twitter:label2\" content=\"Est. reading time\" \/>\n\t<meta name=\"twitter:data2\" content=\"1 minute\" \/>\n<!-- \/ Yoast SEO plugin. -->","yoast_head_json":{"title":"The Implications of Brexit for Spain: Event with Jos\u00e9 Pascual Marco Mart\u00ednez | Lupicinio","robots":{"index":"index","follow":"follow","max-snippet":"max-snippet:-1","max-image-preview":"max-image-preview:large","max-video-preview":"max-video-preview:-1"},"canonical":"https:\/\/lupicinio.com\/en\/the-implications-of-brexit-for-spain-event-with-jose-pascual-marco-martinez\/","og_locale":"en_US","og_type":"article","og_title":"The Implications of Brexit for Spain: Event with Jos\u00e9 Pascual Marco Mart\u00ednez | Lupicinio","og_description":"Today Lupicinio International Law Firm, in collaboration with Club de Exportadores e Inversores, had the pleasure of hosting Se\u00f1or Jos\u00e9 Pascual Marco Mart\u00ednez, the Director General of Coordination of Common Policies and General Affairs of the European Union, for a talk on the impact of Brexit for Spanish international business. As the primary destination for...","og_url":"https:\/\/lupicinio.com\/en\/the-implications-of-brexit-for-spain-event-with-jose-pascual-marco-martinez\/","og_site_name":"Lupicinio","article_published_time":"2017-10-16T14:34:44+00:00","article_modified_time":"2022-08-30T07:40:34+00:00","author":"dossetenta","twitter_card":"summary_large_image","twitter_misc":{"Written by":"Mercedes Olmedo Couceiro","Est. reading time":"1 minute"},"schema":{"@context":"https:\/\/schema.org","@graph":[{"@type":"NewsArticle","@id":"https:\/\/lupicinio.com\/en\/the-implications-of-brexit-for-spain-event-with-jose-pascual-marco-martinez\/#article","isPartOf":{"@id":"https:\/\/lupicinio.com\/en\/the-implications-of-brexit-for-spain-event-with-jose-pascual-marco-martinez\/"},"author":{"name":"dossetenta","@id":"https:\/\/lupicinio.com\/en\/#\/schema\/person\/dd5e6be799e68269529f63681729fc6f"},"headline":"The Implications of Brexit for Spain: Event with Jos\u00e9 Pascual Marco Mart\u00ednez","datePublished":"2017-10-16T14:34:44+00:00","dateModified":"2022-08-30T07:40:34+00:00","mainEntityOfPage":{"@id":"https:\/\/lupicinio.com\/en\/the-implications-of-brexit-for-spain-event-with-jose-pascual-marco-martinez\/"},"wordCount":191,"publisher":{"@id":"https:\/\/lupicinio.com\/en\/#organization"},"articleSection":["News"],"inLanguage":"en-US"},{"@type":["WebPage","ItemPage"],"@id":"https:\/\/lupicinio.com\/en\/the-implications-of-brexit-for-spain-event-with-jose-pascual-marco-martinez\/","url":"https:\/\/lupicinio.com\/en\/the-implications-of-brexit-for-spain-event-with-jose-pascual-marco-martinez\/","name":"The Implications of Brexit for Spain: Event with Jos\u00e9 Pascual Marco Mart\u00ednez | Lupicinio","isPartOf":{"@id":"https:\/\/lupicinio.com\/en\/#website"},"datePublished":"2017-10-16T14:34:44+00:00","dateModified":"2022-08-30T07:40:34+00:00","breadcrumb":{"@id":"https:\/\/lupicinio.com\/en\/the-implications-of-brexit-for-spain-event-with-jose-pascual-marco-martinez\/#breadcrumb"},"inLanguage":"en-US","potentialAction":[{"@type":"ReadAction","target":["https:\/\/lupicinio.com\/en\/the-implications-of-brexit-for-spain-event-with-jose-pascual-marco-martinez\/"]}]},{"@type":"BreadcrumbList","@id":"https:\/\/lupicinio.com\/en\/the-implications-of-brexit-for-spain-event-with-jose-pascual-marco-martinez\/#breadcrumb","itemListElement":[{"@type":"ListItem","position":1,"name":"Portada","item":"https:\/\/lupicinio.com\/en\/"},{"@type":"ListItem","position":2,"name":"The Implications of Brexit for Spain: Event with Jos\u00e9 Pascual Marco Mart\u00ednez"}]},{"@type":"WebSite","@id":"https:\/\/lupicinio.com\/en\/#website","url":"https:\/\/lupicinio.com\/en\/","name":"Lupicinio","description":"Abogados Internacionales","publisher":{"@id":"https:\/\/lupicinio.com\/en\/#organization"},"potentialAction":[{"@type":"SearchAction","target":{"@type":"EntryPoint","urlTemplate":"https:\/\/lupicinio.com\/en\/?s={search_term_string}"},"query-input":{"@type":"PropertyValueSpecification","valueRequired":true,"valueName":"search_term_string"}}],"inLanguage":"en-US"},{"@type":"Organization","@id":"https:\/\/lupicinio.com\/en\/#organization","name":"Lupicinio International Law Firm","url":"https:\/\/lupicinio.com\/en\/","logo":{"@type":"ImageObject","inLanguage":"en-US","@id":"https:\/\/lupicinio.com\/en\/#\/schema\/logo\/image\/","url":"https:\/\/lupicinio.com\/wp-content\/uploads\/2021\/10\/lupicinio-e1634641574720.png","contentUrl":"https:\/\/lupicinio.com\/wp-content\/uploads\/2021\/10\/lupicinio-e1634641574720.png","width":325,"height":104,"caption":"Lupicinio International Law Firm"},"image":{"@id":"https:\/\/lupicinio.com\/en\/#\/schema\/logo\/image\/"}},{"@type":"Person","@id":"https:\/\/lupicinio.com\/en\/#\/schema\/person\/dd5e6be799e68269529f63681729fc6f","name":"dossetenta","sameAs":["https:\/\/lupicinio.com"],"url":"https:\/\/lupicinio.com\/en\/lawyer\/mercedes-olmedo\/"}]}},"_links":{"self":[{"href":"https:\/\/lupicinio.com\/en\/wp-json\/wp\/v2\/posts\/2247","targetHints":{"allow":["GET"]}}],"collection":[{"href":"https:\/\/lupicinio.com\/en\/wp-json\/wp\/v2\/posts"}],"about":[{"href":"https:\/\/lupicinio.com\/en\/wp-json\/wp\/v2\/types\/post"}],"author":[{"embeddable":true,"href":"https:\/\/lupicinio.com\/en\/wp-json\/wp\/v2\/users\/1"}],"replies":[{"embeddable":true,"href":"https:\/\/lupicinio.com\/en\/wp-json\/wp\/v2\/comments?post=2247"}],"version-history":[{"count":1,"href":"https:\/\/lupicinio.com\/en\/wp-json\/wp\/v2\/posts\/2247\/revisions"}],"predecessor-version":[{"id":10623,"href":"https:\/\/lupicinio.com\/en\/wp-json\/wp\/v2\/posts\/2247\/revisions\/10623"}],"wp:attachment":[{"href":"https:\/\/lupicinio.com\/en\/wp-json\/wp\/v2\/media?parent=2247"}],"wp:term":[{"taxonomy":"category","embeddable":true,"href":"https:\/\/lupicinio.com\/en\/wp-json\/wp\/v2\/categories?post=2247"},{"taxonomy":"post_tag","embeddable":true,"href":"https:\/\/lupicinio.com\/en\/wp-json\/wp\/v2\/tags?post=2247"}],"curies":[{"name":"wp","href":"https:\/\/api.w.org\/{rel}","templated":true}]}}